{"id":4119,"date":"2022-03-31T11:35:52","date_gmt":"2022-03-31T09:35:52","guid":{"rendered":"https:\/\/www.ludewig.team\/?p=4119"},"modified":"2025-06-03T09:01:14","modified_gmt":"2025-06-03T07:01:14","slug":"offenheit-die-grundlage-fuer-gute-beziehungen","status":"publish","type":"post","link":"https:\/\/www.ludewig.team\/en\/offenheit-die-grundlage-fuer-gute-beziehungen\/","title":{"rendered":"Offenheit \u2013 die Grundlage f\u00fcr gute Beziehungen"},"content":{"rendered":"<div data-elementor-type=\"wp-post\" data-elementor-id=\"4119\" class=\"elementor elementor-4119\" data-elementor-post-type=\"post\">\n\t\t\t\t\t\t<section class=\"elementor-section elementor-top-section elementor-element elementor-element-424798d elementor-section-boxed elementor-section-height-default elementor-section-height-default\" data-id=\"424798d\" data-element_type=\"section\" data-e-type=\"section\" data-settings=\"{&quot;jet_parallax_layout_list&quot;:[]}\">\n\t\t\t\t\t\t<div class=\"elementor-container elementor-column-gap-default\">\n\t\t\t\t\t<div class=\"elementor-column elementor-col-100 elementor-top-column elementor-element elementor-element-3733945\" data-id=\"3733945\" data-element_type=\"column\" data-e-type=\"column\">\n\t\t\t<div class=\"elementor-widget-wrap elementor-element-populated\">\n\t\t\t\t\t\t<div class=\"elementor-element elementor-element-2a72e1e elementor-widget elementor-widget-spacer\" data-id=\"2a72e1e\" data-element_type=\"widget\" data-e-type=\"widget\" data-widget_type=\"spacer.default\">\n\t\t\t\t<div class=\"elementor-widget-container\">\n\t\t\t\t\t\t\t<div class=\"elementor-spacer\">\n\t\t\t<div class=\"elementor-spacer-inner\"><\/div>\n\t\t<\/div>\n\t\t\t\t\t\t<\/div>\n\t\t\t\t<\/div>\n\t\t\t\t<section class=\"elementor-section elementor-inner-section elementor-element elementor-element-3ebbec8 elementor-section-boxed elementor-section-height-default elementor-section-height-default\" data-id=\"3ebbec8\" data-element_type=\"section\" data-e-type=\"section\" data-settings=\"{&quot;jet_parallax_layout_list&quot;:[]}\">\n\t\t\t\t\t\t<div class=\"elementor-container elementor-column-gap-default\">\n\t\t\t\t\t<div class=\"elementor-column elementor-col-100 elementor-inner-column elementor-element elementor-element-13d060e\" data-id=\"13d060e\" data-element_type=\"column\" data-e-type=\"column\">\n\t\t\t<div class=\"elementor-widget-wrap elementor-element-populated\">\n\t\t\t\t\t\t<div class=\"elementor-element elementor-element-e7131e5 elementor-widget elementor-widget-heading\" data-id=\"e7131e5\" data-element_type=\"widget\" data-e-type=\"widget\" data-widget_type=\"heading.default\">\n\t\t\t\t<div class=\"elementor-widget-container\">\n\t\t\t\t\t<h2 class=\"elementor-heading-title elementor-size-default\">Unser Thema des Monats April: \"Offenheit\"<\/h2>\t\t\t\t<\/div>\n\t\t\t\t<\/div>\n\t\t\t\t<div class=\"elementor-element elementor-element-98d499e elementor-widget elementor-widget-image\" data-id=\"98d499e\" data-element_type=\"widget\" data-e-type=\"widget\" data-widget_type=\"image.default\">\n\t\t\t\t<div class=\"elementor-widget-container\">\n\t\t\t\t\t\t\t\t\t\t\t\t<figure class=\"wp-caption\">\n\t\t\t\t\t\t\t\t\t\t<img fetchpriority=\"high\" decoding=\"async\" width=\"768\" height=\"513\" src=\"https:\/\/www.ludewig.team\/wp-content\/uploads\/2022\/03\/LT-8249_klein-768x513.jpg\" class=\"attachment-medium_large size-medium_large wp-image-4122\" alt=\"\" srcset=\"https:\/\/www.ludewig.team\/wp-content\/uploads\/2022\/03\/LT-8249_klein-768x513.jpg 768w, https:\/\/www.ludewig.team\/wp-content\/uploads\/2022\/03\/LT-8249_klein-300x200.jpg 300w, https:\/\/www.ludewig.team\/wp-content\/uploads\/2022\/03\/LT-8249_klein-1024x684.jpg 1024w, https:\/\/www.ludewig.team\/wp-content\/uploads\/2022\/03\/LT-8249_klein-1536x1025.jpg 1536w, https:\/\/www.ludewig.team\/wp-content\/uploads\/2022\/03\/LT-8249_klein-2048x1367.jpg 2048w\" sizes=\"(max-width: 768px) 100vw, 768px\" \/>\t\t\t\t\t\t\t\t\t\t\t<figcaption class=\"widget-image-caption wp-caption-text\">                       Autorin: Katharina Ludewig<\/figcaption>\n\t\t\t\t\t\t\t\t\t\t<\/figure>\n\t\t\t\t\t\t\t\t\t<\/div>\n\t\t\t\t<\/div>\n\t\t\t\t<div class=\"elementor-element elementor-element-b5a752f elementor-widget elementor-widget-spacer\" data-id=\"b5a752f\" data-element_type=\"widget\" data-e-type=\"widget\" data-widget_type=\"spacer.default\">\n\t\t\t\t<div class=\"elementor-widget-container\">\n\t\t\t\t\t\t\t<div class=\"elementor-spacer\">\n\t\t\t<div class=\"elementor-spacer-inner\"><\/div>\n\t\t<\/div>\n\t\t\t\t\t\t<\/div>\n\t\t\t\t<\/div>\n\t\t\t\t<div class=\"elementor-element elementor-element-a76dd60 elementor-widget elementor-widget-heading\" data-id=\"a76dd60\" data-element_type=\"widget\" data-e-type=\"widget\" data-widget_type=\"heading.default\">\n\t\t\t\t<div class=\"elementor-widget-container\">\n\t\t\t\t\t<h2 class=\"elementor-heading-title elementor-size-medium\">Offenheit \u2013 die Grundlage f\u00fcr gute Beziehungen <\/h2>\t\t\t\t<\/div>\n\t\t\t\t<\/div>\n\t\t\t\t<div class=\"elementor-element elementor-element-89e5724 elementor-widget elementor-widget-text-editor\" data-id=\"89e5724\" data-element_type=\"widget\" data-e-type=\"widget\" data-widget_type=\"text-editor.default\">\n\t\t\t\t<div class=\"elementor-widget-container\">\n\t\t\t\t\t\t\t\t\t<p>Achtung! Ich verrate Ihnen jetzt ein Geheimnis! In letzter Zeit beobachte ich an mir eine unangenehme Sache: ich bin l\u00e4ngst nicht mehr so offen wie noch vor 1 oder 2 Jahren. Sie vielleicht auch? Warum? Das kann viele Gr\u00fcnde haben. Eine schwere Erkrankung, die Pandemie, die weltpolitische Situation? Wie auch immer, ich m\u00f6chte nicht in meiner oder Ihrer Seele w\u00fchlen. Aber: Der April kommt! Das ist viel wichtiger. Denn der hat seinen Namen vermutlich vom lateinischen \u201eaperire\u201c ( = sich \u00f6ffnen). Die Knospen \u00f6ffnen sich, die Menschen gehen raus, \u00f6ffnen sich und (manchmal!) ihre Herzen. Trotz Corona, trotz Krieg. Schrieb ich nicht im letzten Newsletter \u201eHoffnung ist die Kunst, offen zu bleiben\u201c? Stimmt. \u00a0<\/p>\t\t\t\t\t\t\t\t<\/div>\n\t\t\t\t<\/div>\n\t\t\t\t<div class=\"elementor-element elementor-element-0e9d5ae elementor-widget elementor-widget-heading\" data-id=\"0e9d5ae\" data-element_type=\"widget\" data-e-type=\"widget\" data-widget_type=\"heading.default\">\n\t\t\t\t<div class=\"elementor-widget-container\">\n\t\t\t\t\t<h2 class=\"elementor-heading-title elementor-size-medium\">Offenheit ist: Sich mit jemandem oder etwas unvoreingenommen auseinanderzusetzen<\/h2>\t\t\t\t<\/div>\n\t\t\t\t<\/div>\n\t\t\t\t<div class=\"elementor-element elementor-element-e4abb85 elementor-widget elementor-widget-text-editor\" data-id=\"e4abb85\" data-element_type=\"widget\" data-e-type=\"widget\" data-widget_type=\"text-editor.default\">\n\t\t\t\t<div class=\"elementor-widget-container\">\n\t\t\t\t\t\t\t\t\t<p>Ich starte meine Spurensuche nach der Offenheit im Duden. Dort steht: \u201eAufgeschlossenheit; Bereitschaft, sich mit jemandem, etwas unvoreingenommen auseinanderzusetzen\u201c. Na gut. Unvoreingenommen bin ich dann sp\u00e4testens nicht mehr, wenn es um das Thema Impfung geht. Mehr noch. Ich bin auch dann nicht mehr unvoreingenommen, wenn jemand unreflektiert Statements raushaut, die andere verurteilen \u2013 sei es, weswegen auch immer.<\/p>\t\t\t\t\t\t\t\t<\/div>\n\t\t\t\t<\/div>\n\t\t\t\t<div class=\"elementor-element elementor-element-326d897 elementor-widget elementor-widget-heading\" data-id=\"326d897\" data-element_type=\"widget\" data-e-type=\"widget\" data-widget_type=\"heading.default\">\n\t\t\t\t<div class=\"elementor-widget-container\">\n\t\t\t\t\t<h2 class=\"elementor-heading-title elementor-size-medium\">Offenheit ist auch \u201er\u00fcckhaltlose Ehrlichkeit\u201c<\/h2>\t\t\t\t<\/div>\n\t\t\t\t<\/div>\n\t\t\t\t<div class=\"elementor-element elementor-element-492fb96 elementor-widget elementor-widget-text-editor\" data-id=\"492fb96\" data-element_type=\"widget\" data-e-type=\"widget\" data-widget_type=\"text-editor.default\">\n\t\t\t\t<div class=\"elementor-widget-container\">\n\t\t\t\t\t\t\t\t\t<p>Da steht auch: \u201efreim\u00fctige Wesensart; r\u00fcckhaltlose Ehrlichkeit\u201c. Traue ich mich gar nicht mehr so recht, vor allem, wenn es nur noch ein \u201eEntweder-Oder\u201c statt eines \u201eSowohl-als auch\u201c gibt. Das ist das, was Politiker*innen manchmal als \u201eSpaltung der Gesellschaft\u201c bezeichnen. Und damit ist nicht eine mengenm\u00e4\u00dfige Spaltung \u00e0 la \u201edie H\u00e4lfte ist daf\u00fcr und die andere dagegen\u201c gemeint. Es geht vielmehr darum, dass \u2013 nicht nur mit Blick auf Corona, sondern auch in anderen Bereichen \u2013 in Extremen argumentiert wird. Und da ist es wie in der Chemie: In den Extremen wird man unflexibel. In der Mitte l\u00e4sst es sich flexibler bleiben \u2013 und offen! Was das hei\u00dft? Erst ohne Urteil kann ich ehrlich sein.<\/p>\t\t\t\t\t\t\t\t<\/div>\n\t\t\t\t<\/div>\n\t\t\t\t<div class=\"elementor-element elementor-element-91e2ce8 elementor-widget elementor-widget-heading\" data-id=\"91e2ce8\" data-element_type=\"widget\" data-e-type=\"widget\" data-widget_type=\"heading.default\">\n\t\t\t\t<div class=\"elementor-widget-container\">\n\t\t\t\t\t<h2 class=\"elementor-heading-title elementor-size-medium\">Wer offen ist, muss weniger klagen und hat mehr Energie<\/h2>\t\t\t\t<\/div>\n\t\t\t\t<\/div>\n\t\t\t\t<div class=\"elementor-element elementor-element-115464b elementor-widget elementor-widget-text-editor\" data-id=\"115464b\" data-element_type=\"widget\" data-e-type=\"widget\" data-widget_type=\"text-editor.default\">\n\t\t\t\t<div class=\"elementor-widget-container\">\n\t\t\t\t\t\t\t\t\t<p>Offenheit sei etwas Wichtiges, damit wir Menschen uns begegnen k\u00f6nnen, so meinte k\u00fcrzlich eine Freundin. Soso, dachte ich und f\u00fchlte mich ertappt. Sie hat mich durchschaut, als ich sie und ihren Umgang mit ihrem Sohn innerlich verurteilte. Frank Berzbach beschreibt es folgenderma\u00dfen: \u201eWer anf\u00e4ngt, sich mit seiner eigenen Wahrnehmung der Welt zu besch\u00e4ftigen, muss weniger \u00fcber die Au\u00dfenwelt klagen. Wenn der \u00c4rger abnimmt, werden neue Energien f\u00fcr die Gestaltung des eigenen Lebens und der eigenen Arbeit frei\u201c.<\/p>\t\t\t\t\t\t\t\t<\/div>\n\t\t\t\t<\/div>\n\t\t\t\t<div class=\"elementor-element elementor-element-09e1b7c elementor-widget elementor-widget-heading\" data-id=\"09e1b7c\" data-element_type=\"widget\" data-e-type=\"widget\" data-widget_type=\"heading.default\">\n\t\t\t\t<div class=\"elementor-widget-container\">\n\t\t\t\t\t<h2 class=\"elementor-heading-title elementor-size-medium\">Offenheit ist ein wunderbarer Begriff, um in den Fr\u00fchling zu starten. <\/h2>\t\t\t\t<\/div>\n\t\t\t\t<\/div>\n\t\t\t\t<div class=\"elementor-element elementor-element-d189d70 elementor-widget elementor-widget-text-editor\" data-id=\"d189d70\" data-element_type=\"widget\" data-e-type=\"widget\" data-widget_type=\"text-editor.default\">\n\t\t\t\t<div class=\"elementor-widget-container\">\n\t\t\t\t\t\t\t\t\t<p>Ich werde es versuchen! F\u00fcr den April nehme ich mir vor, offenen Auges durch die Welt zu gehen und denke an den Gedichtband \u201eDas Gesicht des Auges\u201c (1994) von Cees Nooteboom. Ich bl\u00e4ttere hindurch und lese darin: \u201eDie sichtbare Welt schleust das Bild durchs ge\u00f6ffnete Auge, das innere Auge entfaltet es, macht es neu, in neuen Helligkeiten, denen gibt Namen.\u201c Mal sehen, was der April bereith\u00e4lt!<\/p><p>Wir w\u00fcnschen Ihnen einen offenen Fr\u00fchling!<\/p>\t\t\t\t\t\t\t\t<\/div>\n\t\t\t\t<\/div>\n\t\t\t\t<div class=\"elementor-element elementor-element-7cf1e51 elementor-widget elementor-widget-image\" data-id=\"7cf1e51\" data-element_type=\"widget\" data-e-type=\"widget\" data-widget_type=\"image.default\">\n\t\t\t\t<div class=\"elementor-widget-container\">\n\t\t\t\t\t\t\t\t\t\t\t\t\t\t\t\t<a href=\"https:\/\/www.ludewig.team\/wp-content\/uploads\/2022\/01\/Onboarding-Checkliste_ausfuellbar.pdf\" data-elementor-open-lightbox=\"yes\" data-elementor-lightbox-title=\"Onboarding Checkliste\" data-e-action-hash=\"#elementor-action%3Aaction%3Dlightbox%26settings%3DeyJpZCI6Mzc2NywidXJsIjoiaHR0cHM6XC9cL3d3dy5sdWRld2lnLnRlYW1cL3dwLWNvbnRlbnRcL3VwbG9hZHNcLzIwMjJcLzAxXC9PbmJvYXJkaW5nLUNoZWNrbGlzdGVfYXVzZnVlbGxiYXIucGRmIn0%3D\">\n\t\t\t\t\t\t\t<img decoding=\"async\" src=\"https:\/\/www.ludewig.team\/wp-content\/uploads\/2022\/01\/Onboarding-Checkliste_ausfuellbar.pdf\" title=\"\" alt=\"\" loading=\"lazy\" \/>\t\t\t\t\t\t\t\t<\/a>\n\t\t\t\t\t\t\t\t\t\t\t\t\t\t\t<\/div>\n\t\t\t\t<\/div>\n\t\t\t\t\t<\/div>\n\t\t<\/div>\n\t\t\t\t\t<\/div>\n\t\t<\/section>\n\t\t\t\t<div class=\"elementor-element elementor-element-bec8f56 elementor-widget elementor-widget-spacer\" data-id=\"bec8f56\" data-element_type=\"widget\" data-e-type=\"widget\" data-widget_type=\"spacer.default\">\n\t\t\t\t<div class=\"elementor-widget-container\">\n\t\t\t\t\t\t\t<div class=\"elementor-spacer\">\n\t\t\t<div class=\"elementor-spacer-inner\"><\/div>\n\t\t<\/div>\n\t\t\t\t\t\t<\/div>\n\t\t\t\t<\/div>\n\t\t\t\t\t<\/div>\n\t\t<\/div>\n\t\t\t\t\t<\/div>\n\t\t<\/section>\n\t\t\t\t<section class=\"elementor-section elementor-top-section elementor-element elementor-element-5e7e8061 elementor-section-boxed elementor-section-height-default elementor-section-height-default\" data-id=\"5e7e8061\" data-element_type=\"section\" data-e-type=\"section\" data-settings=\"{&quot;background_background&quot;:&quot;classic&quot;,&quot;jet_parallax_layout_list&quot;:[]}\">\n\t\t\t\t\t\t<div class=\"elementor-container elementor-column-gap-default\">\n\t\t\t\t\t<div class=\"elementor-column elementor-col-100 elementor-top-column elementor-element elementor-element-50c7139\" data-id=\"50c7139\" data-element_type=\"column\" data-e-type=\"column\">\n\t\t\t<div class=\"elementor-widget-wrap elementor-element-populated\">\n\t\t\t\t\t\t<div class=\"elementor-element elementor-element-24609331 elementor-widget elementor-widget-spacer\" data-id=\"24609331\" data-element_type=\"widget\" data-e-type=\"widget\" data-widget_type=\"spacer.default\">\n\t\t\t\t<div class=\"elementor-widget-container\">\n\t\t\t\t\t\t\t<div class=\"elementor-spacer\">\n\t\t\t<div class=\"elementor-spacer-inner\"><\/div>\n\t\t<\/div>\n\t\t\t\t\t\t<\/div>\n\t\t\t\t<\/div>\n\t\t\t\t\t<\/div>\n\t\t<\/div>\n\t\t\t\t\t<\/div>\n\t\t<\/section>\n\t\t\t\t<section class=\"elementor-section elementor-top-section elementor-element elementor-element-2c6362b6 elementor-section-boxed elementor-section-height-default elementor-section-height-default\" data-id=\"2c6362b6\" data-element_type=\"section\" data-e-type=\"section\" data-settings=\"{&quot;background_background&quot;:&quot;classic&quot;,&quot;jet_parallax_layout_list&quot;:[]}\">\n\t\t\t\t\t\t<div class=\"elementor-container elementor-column-gap-default\">\n\t\t\t\t\t<div class=\"elementor-column elementor-col-100 elementor-top-column elementor-element elementor-element-151f839a\" data-id=\"151f839a\" data-element_type=\"column\" data-e-type=\"column\">\n\t\t\t<div class=\"elementor-widget-wrap elementor-element-populated\">\n\t\t\t\t\t\t<div class=\"elementor-element elementor-element-435f899c elementor-widget elementor-widget-text-editor\" data-id=\"435f899c\" data-element_type=\"widget\" data-e-type=\"widget\" data-widget_type=\"text-editor.default\">\n\t\t\t\t<div class=\"elementor-widget-container\">\n\t\t\t\t\t\t\t\t\t<p><a href=\"https:\/\/www.ludewig.team\/en\/impressum\/\">Legal notice<\/a>\u00a0 \u00a0|\u00a0 \u00a0 <a href=\"https:\/\/www.ludewig.team\/en\/datenschutz\/\">Datenschutz<\/a>\u00a0 \u00a0 |\u00a0 \u00a0 \u00a0<a href=\"https:\/\/www.ludewig.team\/en\/agb\/\">AGB<\/a><br \/>\u00a9 2020 Ludewig.Team<\/p>\t\t\t\t\t\t\t\t<\/div>\n\t\t\t\t<\/div>\n\t\t\t\t\t<\/div>\n\t\t<\/div>\n\t\t\t\t\t<\/div>\n\t\t<\/section>\n\t\t\t\t<section class=\"elementor-section elementor-top-section elementor-element elementor-element-9fff3a3 elementor-section-boxed elementor-section-height-default elementor-section-height-default\" data-id=\"9fff3a3\" data-element_type=\"section\" data-e-type=\"section\" data-settings=\"{&quot;background_background&quot;:&quot;classic&quot;,&quot;jet_parallax_layout_list&quot;:[]}\">\n\t\t\t\t\t\t<div class=\"elementor-container elementor-column-gap-default\">\n\t\t\t\t\t<div class=\"elementor-column elementor-col-100 elementor-top-column elementor-element elementor-element-773438e\" data-id=\"773438e\" data-element_type=\"column\" data-e-type=\"column\">\n\t\t\t<div class=\"elementor-widget-wrap elementor-element-populated\">\n\t\t\t\t\t\t<div class=\"elementor-element elementor-element-3f0a145 elementor-widget elementor-widget-spacer\" data-id=\"3f0a145\" data-element_type=\"widget\" data-e-type=\"widget\" data-widget_type=\"spacer.default\">\n\t\t\t\t<div class=\"elementor-widget-container\">\n\t\t\t\t\t\t\t<div class=\"elementor-spacer\">\n\t\t\t<div class=\"elementor-spacer-inner\"><\/div>\n\t\t<\/div>\n\t\t\t\t\t\t<\/div>\n\t\t\t\t<\/div>\n\t\t\t\t\t<\/div>\n\t\t<\/div>\n\t\t\t\t\t<\/div>\n\t\t<\/section>\n\t\t\t\t<\/div>","protected":false},"excerpt":{"rendered":"<p>Unser Thema des Monats April: &#8222;Offenheit&#8220; Autorin: Katharina Ludewig Offenheit \u2013 die Grundlage f\u00fcr gute Beziehungen Achtung! Ich verrate Ihnen jetzt ein Geheimnis! In letzter Zeit beobachte ich an mir eine unangenehme Sache: ich bin l\u00e4ngst nicht mehr so offen wie noch vor 1 oder 2 Jahren. Sie vielleicht auch? Warum? Das kann viele Gr\u00fcnde [&hellip;]<\/p>\n","protected":false},"author":2,"featured_media":4122,"comment_status":"closed","ping_status":"closed","sticky":false,"template":"elementor_header_footer","format":"standard","meta":{"footnotes":""},"categories":[1],"tags":[],"class_list":["post-4119","post","type-post","status-publish","format-standard","has-post-thumbnail","hentry","category-allgemein"],"_links":{"self":[{"href":"https:\/\/www.ludewig.team\/en\/wp-json\/wp\/v2\/posts\/4119","targetHints":{"allow":["GET"]}}],"collection":[{"href":"https:\/\/www.ludewig.team\/en\/wp-json\/wp\/v2\/posts"}],"about":[{"href":"https:\/\/www.ludewig.team\/en\/wp-json\/wp\/v2\/types\/post"}],"author":[{"embeddable":true,"href":"https:\/\/www.ludewig.team\/en\/wp-json\/wp\/v2\/users\/2"}],"replies":[{"embeddable":true,"href":"https:\/\/www.ludewig.team\/en\/wp-json\/wp\/v2\/comments?post=4119"}],"version-history":[{"count":5,"href":"https:\/\/www.ludewig.team\/en\/wp-json\/wp\/v2\/posts\/4119\/revisions"}],"predecessor-version":[{"id":7147,"href":"https:\/\/www.ludewig.team\/en\/wp-json\/wp\/v2\/posts\/4119\/revisions\/7147"}],"wp:featuredmedia":[{"embeddable":true,"href":"https:\/\/www.ludewig.team\/en\/wp-json\/wp\/v2\/media\/4122"}],"wp:attachment":[{"href":"https:\/\/www.ludewig.team\/en\/wp-json\/wp\/v2\/media?parent=4119"}],"wp:term":[{"taxonomy":"category","embeddable":true,"href":"https:\/\/www.ludewig.team\/en\/wp-json\/wp\/v2\/categories?post=4119"},{"taxonomy":"post_tag","embeddable":true,"href":"https:\/\/www.ludewig.team\/en\/wp-json\/wp\/v2\/tags?post=4119"}],"curies":[{"name":"wp","href":"https:\/\/api.w.org\/{rel}","templated":true}]}}